{"id":6213,"date":"2020-05-02T08:45:08","date_gmt":"2020-05-02T08:45:08","guid":{"rendered":"http:\/\/deboracosmai.com\/?p=6213"},"modified":"2020-05-26T14:39:26","modified_gmt":"2020-05-26T14:39:26","slug":"siamo-soddisfatti-delle-nostre-case","status":"publish","type":"post","link":"https:\/\/www.deboracosmai.com\/en\/2020\/05\/02\/siamo-soddisfatti-delle-nostre-case\/","title":{"rendered":"Siamo Soddisfatti delle Nostre Case?"},"content":{"rendered":"\t\t<div data-elementor-type=\"wp-post\" data-elementor-id=\"6213\" class=\"elementor elementor-6213\" data-elementor-post-type=\"post\">\n\t\t\t\t\t\t<section class=\"elementor-section elementor-top-section elementor-element elementor-element-ab3a7d8 elementor-section-stretched elementor-section-full_width elementor-section-height-default elementor-section-height-default\" data-id=\"ab3a7d8\" data-element_type=\"section\" data-e-type=\"section\" data-settings=\"{&quot;stretch_section&quot;:&quot;section-stretched&quot;,&quot;wpkoi_parallax_layout_image&quot;:{&quot;url&quot;:&quot;&quot;,&quot;id&quot;:&quot;&quot;,&quot;size&quot;:&quot;&quot;},&quot;wpkoi_parallax_layout_speed&quot;:{&quot;unit&quot;:&quot;%&quot;,&quot;size&quot;:50,&quot;sizes&quot;:[]},&quot;wpkoi_parallax_layout_type&quot;:&quot;scroll&quot;,&quot;wpkoi_parallax_layout_bg_x&quot;:50,&quot;wpkoi_parallax_layout_bg_y&quot;:50,&quot;wpkoi_parallax_layout_bg_size&quot;:&quot;auto&quot;,&quot;wpkoi_parallax_layout_animation_prop&quot;:&quot;transform&quot;,&quot;section_wpkoi_tricks_particles&quot;:&quot;false&quot;,&quot;section_wpkoi_background_change&quot;:&quot;false&quot;}\">\n\t\t\t\t\t\t<div class=\"elementor-container elementor-column-gap-default\">\n\t\t\t\t\t<div class=\"elementor-column elementor-col-100 elementor-top-column elementor-element elementor-element-41e9a8c\" data-id=\"41e9a8c\" data-element_type=\"column\" data-e-type=\"column\">\n\t\t\t<div class=\"elementor-widget-wrap elementor-element-populated\">\n\t\t\t\t\t\t<div class=\"elementor-element elementor-element-4e13b30 elementor-widget elementor-widget-image\" data-id=\"4e13b30\" data-element_type=\"widget\" data-e-type=\"widget\" data-widget_type=\"image.default\">\n\t\t\t\t<div class=\"elementor-widget-container\">\n\t\t\t\t\t\t\t\t\t\t\t\t\t\t\t<img fetchpriority=\"high\" decoding=\"async\" width=\"1024\" height=\"512\" src=\"https:\/\/www.deboracosmai.com\/wp-content\/uploads\/2020\/05\/formato-prima-1024x512.jpg\" class=\"attachment-large size-large wp-image-6240\" alt=\"\" srcset=\"https:\/\/www.deboracosmai.com\/wp-content\/uploads\/2020\/05\/formato-prima-1024x512.jpg 1024w, https:\/\/www.deboracosmai.com\/wp-content\/uploads\/2020\/05\/formato-prima-500x250.jpg 500w, https:\/\/www.deboracosmai.com\/wp-content\/uploads\/2020\/05\/formato-prima-768x384.jpg 768w, https:\/\/www.deboracosmai.com\/wp-content\/uploads\/2020\/05\/formato-prima-24x12.jpg 24w, https:\/\/www.deboracosmai.com\/wp-content\/uploads\/2020\/05\/formato-prima-36x18.jpg 36w, https:\/\/www.deboracosmai.com\/wp-content\/uploads\/2020\/05\/formato-prima-48x24.jpg 48w, https:\/\/www.deboracosmai.com\/wp-content\/uploads\/2020\/05\/formato-prima-350x175.jpg 350w, https:\/\/www.deboracosmai.com\/wp-content\/uploads\/2020\/05\/formato-prima.jpg 1200w\" sizes=\"(max-width: 1024px) 100vw, 1024px\" \/>\t\t\t\t\t\t\t\t\t\t\t\t\t\t\t<\/div>\n\t\t\t\t<\/div>\n\t\t\t\t<div class=\"elementor-element elementor-element-6d69615 elementor-widget elementor-widget-text-editor\" data-id=\"6d69615\" data-element_type=\"widget\" data-e-type=\"widget\" data-widget_type=\"text-editor.default\">\n\t\t\t\t<div class=\"elementor-widget-container\">\n\t\t\t\t\t\t\t\t\t<h6 style=\"text-align: center;\">Guest post di <a href=\"https:\/\/www.instagram.com\/fraclearch\/?hl=it\" rel=\"nofollow noopener\" target=\"_blank\">Francesca Clerici<\/a><\/h6>\t\t\t\t\t\t\t\t<\/div>\n\t\t\t\t<\/div>\n\t\t\t\t\t<\/div>\n\t\t<\/div>\n\t\t\t\t\t<\/div>\n\t\t<\/section>\n\t\t\t\t<section class=\"elementor-section elementor-top-section elementor-element elementor-element-5de5d8a elementor-section-boxed elementor-section-height-default elementor-section-height-default\" data-id=\"5de5d8a\" data-element_type=\"section\" data-e-type=\"section\" data-settings=\"{&quot;wpkoi_parallax_layout_image&quot;:{&quot;url&quot;:&quot;&quot;,&quot;id&quot;:&quot;&quot;,&quot;size&quot;:&quot;&quot;},&quot;wpkoi_parallax_layout_speed&quot;:{&quot;unit&quot;:&quot;%&quot;,&quot;size&quot;:50,&quot;sizes&quot;:[]},&quot;wpkoi_parallax_layout_type&quot;:&quot;scroll&quot;,&quot;wpkoi_parallax_layout_bg_x&quot;:50,&quot;wpkoi_parallax_layout_bg_y&quot;:50,&quot;wpkoi_parallax_layout_bg_size&quot;:&quot;auto&quot;,&quot;wpkoi_parallax_layout_animation_prop&quot;:&quot;transform&quot;,&quot;section_wpkoi_tricks_particles&quot;:&quot;false&quot;,&quot;section_wpkoi_background_change&quot;:&quot;false&quot;}\">\n\t\t\t\t\t\t<div class=\"elementor-container elementor-column-gap-default\">\n\t\t\t\t\t<div class=\"elementor-column elementor-col-100 elementor-top-column elementor-element elementor-element-1b1b217\" data-id=\"1b1b217\" data-element_type=\"column\" data-e-type=\"column\">\n\t\t\t<div class=\"elementor-widget-wrap elementor-element-populated\">\n\t\t\t\t\t\t<div class=\"elementor-element elementor-element-35899fa elementor-widget elementor-widget-text-editor\" data-id=\"35899fa\" data-element_type=\"widget\" data-e-type=\"widget\" data-widget_type=\"text-editor.default\">\n\t\t\t\t<div class=\"elementor-widget-container\">\n\t\t\t\t\t\t\t\t\t<p><span style=\"font-weight: 400;\">Il tema della Biennale Architettura 2020 sar\u00e1: <\/span><i><span style=\"font-weight: 400;\">How will we live together<\/span><\/i><span style=\"font-weight: 400;\">?<\/span><\/p><p><span style=\"font-weight: 400;\">Argomento che in questo momento si rivela pi\u00f9 che mai attuale.<\/span><\/p><p><span style=\"font-weight: 400;\">A fronte dell&#8217;emergenza che stiamo vivendo verrebbe da pensare che le case basse con giardino siano state giudicate una salvezza per molti, soprattutto per le famiglie con bambini. E quindi forse davvero bisogna pensare a vivere diversamente le nostre citt\u00e1.<\/span><\/p><p><span style=\"font-weight: 400;\">Come sostiene in un&#8217;intervista Paola Vigan\u00f2 (architetto ed urbanista che porter\u00e0 alla Biennale un suo progetto) <\/span><\/p><blockquote><p><span style=\"font-weight: 400;\">&#8220;Negli ultimi vent&#8217;anni \u00e8 stato indicato un unico modello di citt\u00e0 sostenibile, quella &#8220;compatta&#8221; che concentra tutto negli stessi luoghi, mentre si sono giudicate negativamente le &#8220;metropoli orizzontali&#8221;<\/span><\/p><\/blockquote><p><span style=\"font-weight: 400;\">E ne sono convinti anche i noti architetti svizzeri Pier de Meuron e Jacques Herzog. Quest&#8217;ultimo ha dichiarato infatti: <\/span><\/p><blockquote><p><span style=\"font-weight: 400;\">\u201cDovremmo ripensare le nostre citt\u00e0, come \u00e8 gi\u00e0 accaduto pi\u00f9 volte nella storia &#8230; Il concetto di citt\u00e0 \u00e8 densit\u00e0 e vicinanza. Qui sta la sua bellezza e anche la sua tragedia &#8230; Dovremo portare la campagna in citt\u00e0 e non viceversa&#8221;.<\/span><\/p><\/blockquote><p><span style=\"font-weight: 400;\">Ora faccio un passo indietro e sulla stesura ed organizzazione delle citt\u00e0 lascio lavorare chi ha pi\u00f9 competenza di me, nonostante una tesi di laurea in urbanistica, perch\u00e9 voglio guardare pi\u00f9 da vicino la situazione.<\/span><\/p><h3>Dalla Citt\u00e0 alla Casa<\/h3><p><span style=\"font-weight: 400;\">Tra poco riprenderemo a lavorare, e quindi ad uscire, e questo forse ci far\u00e0 sentire un po&#8217; meno reclusi nelle nostre case che in questi giorni abbiamo imparato ad amare o di cui abbiamo notato tutti i difetti di questo mondo.<\/span><\/p><p><span style=\"font-weight: 400;\">Un po&#8217; come a fine stagione abbiamo noia dei nostri vestiti e vorremmo gi\u00e0 fare shopping per la stagione futura, credo che le nostre case in questi giorni, nel viverle cos\u00ec intensamente, siano state oggetto di riflessione.<\/span><\/p><p><span style=\"font-weight: 400;\">Immagino tanti di noi, per motivi o esigenze diverse, si siano trovati a pensare almeno una volta &#8220;caspita per\u00f2 la mia casa, se avessi immaginato questa situazione, avrei fatto diversamente&#8230;..&#8221;<\/span><\/p><h3>Spazi da Ripensare<\/h3><p><span style=\"font-weight: 400;\">Ecco allora mi sono voluta fermare un attimino a pensare cosa avrebbero potuto avere di diverso i nostri appartamenti in questo periodo e come magari, a fronte di questo, si potr\u00e0 pensare di progettare case diverse.<\/span><\/p><p><span style=\"font-weight: 400;\">Gran parte delle case moderne si sta &#8220;attrezzando&#8221; per vivere maggiormente il verde nelle nostre affollate citt\u00e0, basti pensare al bosco verticale a Milano, piuttosto che tante situazioni in realt\u00e0 che stanno prendendo piede.<\/span><\/p><h2>Balconi &amp; Terrazzi<\/h2><p><span style=\"font-weight: 400;\">Con le belle giornate che ci hanno accompagnato in questi momenti, potrebbe essere un&#8217;idea avere dei bei balconi vivibili dove poter passare parte del nostro quotidiano, magari con i bambini, piuttosto che viverlo per lo smart working, o attrezzato per un angolo di orto. Chi non vorrebbe lavorare s\u00ec al computer ma comunque all&#8217;aria aperta, magari con una bella pianta e dei fiori accanto?<\/span><\/p>\t\t\t\t\t\t\t\t<\/div>\n\t\t\t\t<\/div>\n\t\t\t\t<div class=\"elementor-element elementor-element-a49e9b1 elementor-widget elementor-widget-image\" data-id=\"a49e9b1\" data-element_type=\"widget\" data-e-type=\"widget\" data-widget_type=\"image.default\">\n\t\t\t\t<div class=\"elementor-widget-container\">\n\t\t\t\t\t\t\t\t\t\t\t\t\t\t\t<img decoding=\"async\" width=\"1024\" height=\"1024\" src=\"https:\/\/www.deboracosmai.com\/wp-content\/uploads\/2020\/05\/balconi-1024x1024.jpg\" class=\"attachment-large size-large wp-image-6219\" alt=\"\" srcset=\"https:\/\/www.deboracosmai.com\/wp-content\/uploads\/2020\/05\/balconi-1024x1024.jpg 1024w, https:\/\/www.deboracosmai.com\/wp-content\/uploads\/2020\/05\/balconi-500x500.jpg 500w, https:\/\/www.deboracosmai.com\/wp-content\/uploads\/2020\/05\/balconi-300x300.jpg 300w, https:\/\/www.deboracosmai.com\/wp-content\/uploads\/2020\/05\/balconi-768x768.jpg 768w, https:\/\/www.deboracosmai.com\/wp-content\/uploads\/2020\/05\/balconi-1536x1536.jpg 1536w, https:\/\/www.deboracosmai.com\/wp-content\/uploads\/2020\/05\/balconi-24x24.jpg 24w, https:\/\/www.deboracosmai.com\/wp-content\/uploads\/2020\/05\/balconi-36x36.jpg 36w, https:\/\/www.deboracosmai.com\/wp-content\/uploads\/2020\/05\/balconi-48x48.jpg 48w, https:\/\/www.deboracosmai.com\/wp-content\/uploads\/2020\/05\/balconi-45x45.jpg 45w, https:\/\/www.deboracosmai.com\/wp-content\/uploads\/2020\/05\/balconi-350x350.jpg 350w, https:\/\/www.deboracosmai.com\/wp-content\/uploads\/2020\/05\/balconi.jpg 1600w\" sizes=\"(max-width: 1024px) 100vw, 1024px\" \/>\t\t\t\t\t\t\t\t\t\t\t\t\t\t\t<\/div>\n\t\t\t\t<\/div>\n\t\t\t\t<div class=\"elementor-element elementor-element-7da491d elementor-widget elementor-widget-text-editor\" data-id=\"7da491d\" data-element_type=\"widget\" data-e-type=\"widget\" data-widget_type=\"text-editor.default\">\n\t\t\t\t<div class=\"elementor-widget-container\">\n\t\t\t\t\t\t\t\t\t<h6 style=\"text-align: center;\"><span style=\"font-weight: 400;\">Pinterest:\u00a0 Progetto Collettivo Architects &#8220;Design Milk&#8221; &#8211; blog.pianetadonna.it &#8211; mojewlasne.pl<\/span><\/h6>\t\t\t\t\t\t\t\t<\/div>\n\t\t\t\t<\/div>\n\t\t\t\t<div class=\"elementor-element elementor-element-8ae1af8 elementor-widget elementor-widget-text-editor\" data-id=\"8ae1af8\" data-element_type=\"widget\" data-e-type=\"widget\" data-widget_type=\"text-editor.default\">\n\t\t\t\t<div class=\"elementor-widget-container\">\n\t\t\t\t\t\t\t\t\t<blockquote><p><span style=\"font-weight: 400;\">Certo \u00e8 che, col senno di poi, si potrebbe rivoluzionare tutto.<\/span><\/p><\/blockquote><h2>Il Soggiorno<\/h2><p><span style=\"font-weight: 400;\">Pensiamo ai nostri soggiorni. Si sarebbe potuto pensare a degli angoli studio attrezzati con scrivanie, ci sono tante proposte di arredamento interessante per queste situazioni. Una nicchia curata nei minimi particolari, una scrivania integrata nel mobile del soggiorno, oppure una nascosta da un&#8217;anta a ribalta tra TV e libri.<\/span><\/p>\t\t\t\t\t\t\t\t<\/div>\n\t\t\t\t<\/div>\n\t\t\t\t<div class=\"elementor-element elementor-element-22f4d0b elementor-widget elementor-widget-image\" data-id=\"22f4d0b\" data-element_type=\"widget\" data-e-type=\"widget\" data-widget_type=\"image.default\">\n\t\t\t\t<div class=\"elementor-widget-container\">\n\t\t\t\t\t\t\t\t\t\t\t\t\t\t\t<img decoding=\"async\" width=\"564\" height=\"423\" src=\"https:\/\/www.deboracosmai.com\/wp-content\/uploads\/2020\/05\/mobile-tv.jpg\" class=\"attachment-full size-full wp-image-6222\" alt=\"\" srcset=\"https:\/\/www.deboracosmai.com\/wp-content\/uploads\/2020\/05\/mobile-tv.jpg 564w, https:\/\/www.deboracosmai.com\/wp-content\/uploads\/2020\/05\/mobile-tv-500x375.jpg 500w, https:\/\/www.deboracosmai.com\/wp-content\/uploads\/2020\/05\/mobile-tv-24x18.jpg 24w, https:\/\/www.deboracosmai.com\/wp-content\/uploads\/2020\/05\/mobile-tv-36x27.jpg 36w, https:\/\/www.deboracosmai.com\/wp-content\/uploads\/2020\/05\/mobile-tv-48x36.jpg 48w, https:\/\/www.deboracosmai.com\/wp-content\/uploads\/2020\/05\/mobile-tv-350x263.jpg 350w\" sizes=\"(max-width: 564px) 100vw, 564px\" \/>\t\t\t\t\t\t\t\t\t\t\t\t\t\t\t<\/div>\n\t\t\t\t<\/div>\n\t\t\t\t<div class=\"elementor-element elementor-element-eaa9ea9 elementor-widget elementor-widget-text-editor\" data-id=\"eaa9ea9\" data-element_type=\"widget\" data-e-type=\"widget\" data-widget_type=\"text-editor.default\">\n\t\t\t\t<div class=\"elementor-widget-container\">\n\t\t\t\t\t\t\t\t\t<h6 style=\"text-align: center;\"><span style=\"font-weight: 400;\">Pinterest:\u00a0 IQ Furniture<\/span><\/h6>\t\t\t\t\t\t\t\t<\/div>\n\t\t\t\t<\/div>\n\t\t\t\t<div class=\"elementor-element elementor-element-9533f9d elementor-widget elementor-widget-image\" data-id=\"9533f9d\" data-element_type=\"widget\" data-e-type=\"widget\" data-widget_type=\"image.default\">\n\t\t\t\t<div class=\"elementor-widget-container\">\n\t\t\t\t\t\t\t\t\t\t\t\t\t\t\t<img loading=\"lazy\" decoding=\"async\" width=\"1024\" height=\"1024\" src=\"https:\/\/www.deboracosmai.com\/wp-content\/uploads\/2020\/05\/scrivania-living-1024x1024.jpg\" class=\"attachment-large size-large wp-image-6225\" alt=\"\" srcset=\"https:\/\/www.deboracosmai.com\/wp-content\/uploads\/2020\/05\/scrivania-living-1024x1024.jpg 1024w, https:\/\/www.deboracosmai.com\/wp-content\/uploads\/2020\/05\/scrivania-living-500x500.jpg 500w, https:\/\/www.deboracosmai.com\/wp-content\/uploads\/2020\/05\/scrivania-living-300x300.jpg 300w, https:\/\/www.deboracosmai.com\/wp-content\/uploads\/2020\/05\/scrivania-living-768x768.jpg 768w, https:\/\/www.deboracosmai.com\/wp-content\/uploads\/2020\/05\/scrivania-living-1536x1536.jpg 1536w, https:\/\/www.deboracosmai.com\/wp-content\/uploads\/2020\/05\/scrivania-living-24x24.jpg 24w, https:\/\/www.deboracosmai.com\/wp-content\/uploads\/2020\/05\/scrivania-living-36x36.jpg 36w, https:\/\/www.deboracosmai.com\/wp-content\/uploads\/2020\/05\/scrivania-living-48x48.jpg 48w, https:\/\/www.deboracosmai.com\/wp-content\/uploads\/2020\/05\/scrivania-living-45x45.jpg 45w, https:\/\/www.deboracosmai.com\/wp-content\/uploads\/2020\/05\/scrivania-living-350x350.jpg 350w, https:\/\/www.deboracosmai.com\/wp-content\/uploads\/2020\/05\/scrivania-living.jpg 1600w\" sizes=\"(max-width: 1024px) 100vw, 1024px\" \/>\t\t\t\t\t\t\t\t\t\t\t\t\t\t\t<\/div>\n\t\t\t\t<\/div>\n\t\t\t\t<div class=\"elementor-element elementor-element-e37bffc elementor-widget elementor-widget-text-editor\" data-id=\"e37bffc\" data-element_type=\"widget\" data-e-type=\"widget\" data-widget_type=\"text-editor.default\">\n\t\t\t\t<div class=\"elementor-widget-container\">\n\t\t\t\t\t\t\t\t\t<h6 style=\"text-align: center;\">Pinterest:\u00a0 Articolo di Delightfull &#8211; Mondo Design &#8211; Scaffali LEMA<\/h6>\t\t\t\t\t\t\t\t<\/div>\n\t\t\t\t<\/div>\n\t\t\t\t<div class=\"elementor-element elementor-element-94aad31 elementor-widget elementor-widget-text-editor\" data-id=\"94aad31\" data-element_type=\"widget\" data-e-type=\"widget\" data-widget_type=\"text-editor.default\">\n\t\t\t\t<div class=\"elementor-widget-container\">\n\t\t\t\t\t\t\t\t\t<p><span style=\"font-weight: 400;\">Dell&#8217;angolo studio hanno bisogno anche i nostri ragazzi ma, tendenzialmente, gli arredi delle camerette sono ben forniti di scrivania e libreria per tutte le loro necessit\u00e0. So che qualcuno star\u00e0 pensando che le camere a volte non sono cos\u00ec grandi da permettere la convivenza di pi\u00f9 bambini nello stesso ambiente, con tutte le loro esigenze, ma a quel punto pu\u00f2 essere una salvezza lo spazio dedicato in soggiorno che abbiamo visto prima.<\/span><\/p><h2>La Cucina<\/h2><p><span style=\"font-weight: 400;\">La reclusione di questi mesi ci ha fatto riscoprire la vita della cucina. La passione nel preparare personalmente pietanze, pane e dolci che di solito magari non facciamo. Vuoi per mancanza di tempo, vuoi perch\u00e9 non abbiamo mai osato provare, per\u00f2 questo credo che abbia scaturito in noi il desiderio di avere una cucina abitabile, con un bel piano di lavoro, spazio per viverla, una dispensa per riporre ingredienti inusuali e attrezzi non di uso quotidiano. Vi vengono in mente le cucine di una volta? Probabile! Ma la modernit\u00e0 pu\u00f2 riservare sorprese.<\/span><\/p>\t\t\t\t\t\t\t\t<\/div>\n\t\t\t\t<\/div>\n\t\t\t\t<div class=\"elementor-element elementor-element-3e47533 elementor-widget elementor-widget-image\" data-id=\"3e47533\" data-element_type=\"widget\" data-e-type=\"widget\" data-widget_type=\"image.default\">\n\t\t\t\t<div class=\"elementor-widget-container\">\n\t\t\t\t\t\t\t\t\t\t\t\t\t\t\t<img loading=\"lazy\" decoding=\"async\" width=\"1024\" height=\"1024\" src=\"https:\/\/www.deboracosmai.com\/wp-content\/uploads\/2020\/05\/cucina-1024x1024.jpg\" class=\"attachment-large size-large wp-image-6230\" alt=\"\" srcset=\"https:\/\/www.deboracosmai.com\/wp-content\/uploads\/2020\/05\/cucina-1024x1024.jpg 1024w, https:\/\/www.deboracosmai.com\/wp-content\/uploads\/2020\/05\/cucina-500x500.jpg 500w, https:\/\/www.deboracosmai.com\/wp-content\/uploads\/2020\/05\/cucina-300x300.jpg 300w, https:\/\/www.deboracosmai.com\/wp-content\/uploads\/2020\/05\/cucina-768x768.jpg 768w, https:\/\/www.deboracosmai.com\/wp-content\/uploads\/2020\/05\/cucina-1536x1536.jpg 1536w, https:\/\/www.deboracosmai.com\/wp-content\/uploads\/2020\/05\/cucina-24x24.jpg 24w, https:\/\/www.deboracosmai.com\/wp-content\/uploads\/2020\/05\/cucina-36x36.jpg 36w, https:\/\/www.deboracosmai.com\/wp-content\/uploads\/2020\/05\/cucina-48x48.jpg 48w, https:\/\/www.deboracosmai.com\/wp-content\/uploads\/2020\/05\/cucina-45x45.jpg 45w, https:\/\/www.deboracosmai.com\/wp-content\/uploads\/2020\/05\/cucina-350x350.jpg 350w, https:\/\/www.deboracosmai.com\/wp-content\/uploads\/2020\/05\/cucina.jpg 1600w\" sizes=\"(max-width: 1024px) 100vw, 1024px\" \/>\t\t\t\t\t\t\t\t\t\t\t\t\t\t\t<\/div>\n\t\t\t\t<\/div>\n\t\t\t\t<div class=\"elementor-element elementor-element-bcdd6b6 elementor-widget elementor-widget-text-editor\" data-id=\"bcdd6b6\" data-element_type=\"widget\" data-e-type=\"widget\" data-widget_type=\"text-editor.default\">\n\t\t\t\t<div class=\"elementor-widget-container\">\n\t\t\t\t\t\t\t\t\t<h6 style=\"text-align: center;\">Pinterst: kuche.zlady.site &#8211; Prodotti di Cappellini cucine<\/h6>\t\t\t\t\t\t\t\t<\/div>\n\t\t\t\t<\/div>\n\t\t\t\t<div class=\"elementor-element elementor-element-cf9d04c elementor-widget elementor-widget-text-editor\" data-id=\"cf9d04c\" data-element_type=\"widget\" data-e-type=\"widget\" data-widget_type=\"text-editor.default\">\n\t\t\t\t<div class=\"elementor-widget-container\">\n\t\t\t\t\t\t\t\t\t<h2>L&#8217;Ingresso<\/h2><p><span style=\"font-weight: 400;\">Per ultimo analizziamo una parte di casa che invece \u00e8 la prima cosa che notiamo quando entriamo in un appartamento. Non voglio dilungarmi su quanto sia importante un ingresso arredato bene, illuminato in modo da dare una sensazione accogliente e con colori tali da rendere armonico tutto. Lo sappiamo, l&#8217;ingresso delle nostre case rispecchia la personalit\u00e0 di chi ci abita ma, secondo me, in questo periodo qualcuno non disdegna le abitudini del nord Europa.<\/span><\/p><p><span style=\"font-weight: 400;\">Ecco, magari le scarpe lasciate fuori accanto allo zerbino le eviterei, portiamole dentro e proviamo a pensare ad un ingresso pi\u00f9 riservato, con una scarpiera, un appoggia abiti, uno svuotatasche, in questo momento sarebbe stato molto utile per posare tutto quello a cui non eravamo n\u00e9 abituati n\u00e9 preparati, come guanti, mascherine, igienizzanti per le mani e tutto quello che adesso dobbiamo usare e per cui, forse, non eravamo pronti.<\/span><\/p>\t\t\t\t\t\t\t\t<\/div>\n\t\t\t\t<\/div>\n\t\t\t\t<div class=\"elementor-element elementor-element-e953c82 elementor-widget elementor-widget-image\" data-id=\"e953c82\" data-element_type=\"widget\" data-e-type=\"widget\" data-widget_type=\"image.default\">\n\t\t\t\t<div class=\"elementor-widget-container\">\n\t\t\t\t\t\t\t\t\t\t\t\t\t\t\t<img loading=\"lazy\" decoding=\"async\" width=\"1024\" height=\"1024\" src=\"https:\/\/www.deboracosmai.com\/wp-content\/uploads\/2020\/05\/ingresso-1024x1024.jpg\" class=\"attachment-large size-large wp-image-6235\" alt=\"\" srcset=\"https:\/\/www.deboracosmai.com\/wp-content\/uploads\/2020\/05\/ingresso-1024x1024.jpg 1024w, https:\/\/www.deboracosmai.com\/wp-content\/uploads\/2020\/05\/ingresso-500x500.jpg 500w, https:\/\/www.deboracosmai.com\/wp-content\/uploads\/2020\/05\/ingresso-300x300.jpg 300w, https:\/\/www.deboracosmai.com\/wp-content\/uploads\/2020\/05\/ingresso-768x768.jpg 768w, https:\/\/www.deboracosmai.com\/wp-content\/uploads\/2020\/05\/ingresso-1536x1536.jpg 1536w, https:\/\/www.deboracosmai.com\/wp-content\/uploads\/2020\/05\/ingresso-24x24.jpg 24w, https:\/\/www.deboracosmai.com\/wp-content\/uploads\/2020\/05\/ingresso-36x36.jpg 36w, https:\/\/www.deboracosmai.com\/wp-content\/uploads\/2020\/05\/ingresso-48x48.jpg 48w, https:\/\/www.deboracosmai.com\/wp-content\/uploads\/2020\/05\/ingresso-45x45.jpg 45w, https:\/\/www.deboracosmai.com\/wp-content\/uploads\/2020\/05\/ingresso-350x350.jpg 350w, https:\/\/www.deboracosmai.com\/wp-content\/uploads\/2020\/05\/ingresso.jpg 1600w\" sizes=\"(max-width: 1024px) 100vw, 1024px\" \/>\t\t\t\t\t\t\t\t\t\t\t\t\t\t\t<\/div>\n\t\t\t\t<\/div>\n\t\t\t\t<div class=\"elementor-element elementor-element-1503ecf elementor-widget elementor-widget-text-editor\" data-id=\"1503ecf\" data-element_type=\"widget\" data-e-type=\"widget\" data-widget_type=\"text-editor.default\">\n\t\t\t\t<div class=\"elementor-widget-container\">\n\t\t\t\t\t\t\t\t\t<h6 style=\"text-align: center;\">Pinterest:\u00a0 Mondo Design &#8211; Gaia Miacola<\/h6>\t\t\t\t\t\t\t\t<\/div>\n\t\t\t\t<\/div>\n\t\t\t\t<div class=\"elementor-element elementor-element-1dbb0a1 elementor-widget elementor-widget-text-editor\" data-id=\"1dbb0a1\" data-element_type=\"widget\" data-e-type=\"widget\" data-widget_type=\"text-editor.default\">\n\t\t\t\t<div class=\"elementor-widget-container\">\n\t\t\t\t\t\t\t\t\t<p><span style=\"font-weight: 400;\">Ora&#8230;non so se questo articolo vi ha fatto venire voglia di cambiare casa, ma di\u00a0 certo l&#8217;appartamento in cui viviamo si pu\u00f2 sistemare, aggiornare, cambiargli look o semplicemente trovare l&#8217;idea giusta per risolvere un problema che pu\u00f2 non farci vivere bene la nostra casa. L&#8217;essenziale \u00e8 affidarsi a persone competenti, perch\u00e9 la nostra casa \u00e9 importante. \u00c9 il nostro rifugio, porto, nido \u2026 definitela a vostro piacimento, nulla toglie che, per ognuno di noi, \u00e9 comunque sempre la PROPRIA CASA!<\/span><\/p>\t\t\t\t\t\t\t\t<\/div>\n\t\t\t\t<\/div>\n\t\t\t\t\t<\/div>\n\t\t<\/div>\n\t\t\t\t\t<\/div>\n\t\t<\/section>\n\t\t\t\t<\/div>\n\t\t","protected":false},"excerpt":{"rendered":"<p> &#8230; <a title=\"Siamo Soddisfatti delle Nostre Case?\" class=\"read-more\" href=\"https:\/\/www.deboracosmai.com\/en\/2020\/05\/02\/siamo-soddisfatti-delle-nostre-case\/\">Leggi<\/a><\/p>\n","protected":false},"author":1,"featured_media":6244,"comment_status":"open","ping_status":"open","sticky":false,"template":"","format":"standard","meta":{"nataraja_pageheader":"","footnotes":""},"categories":[201],"tags":[376,59,229,364,377],"class_list":["post-6213","post","type-post","status-publish","format-standard","has-post-thumbnail","hentry","category-trend-it","tag-appartamenti","tag-casa","tag-it","tag-piante","tag-ristrutturare-2","nataraja-columns","tablet-grid-50","mobile-grid-100","grid-parent","grid-33","no-featured-image-padding"],"_links":{"self":[{"href":"https:\/\/www.deboracosmai.com\/en\/wp-json\/wp\/v2\/post\/6213","targetHints":{"allow":["GET"]}}],"collection":[{"href":"https:\/\/www.deboracosmai.com\/en\/wp-json\/wp\/v2\/post"}],"about":[{"href":"https:\/\/www.deboracosmai.com\/en\/wp-json\/wp\/v2\/types\/post"}],"author":[{"embeddable":true,"href":"https:\/\/www.deboracosmai.com\/en\/wp-json\/wp\/v2\/users\/1"}],"replies":[{"embeddable":true,"href":"https:\/\/www.deboracosmai.com\/en\/wp-json\/wp\/v2\/comments?post=6213"}],"version-history":[{"count":0,"href":"https:\/\/www.deboracosmai.com\/en\/wp-json\/wp\/v2\/post\/6213\/revisions"}],"wp:featuredmedia":[{"embeddable":true,"href":"https:\/\/www.deboracosmai.com\/en\/wp-json\/wp\/v2\/media\/6244"}],"wp:attachment":[{"href":"https:\/\/www.deboracosmai.com\/en\/wp-json\/wp\/v2\/media?parent=6213"}],"wp:term":[{"taxonomy":"category","embeddable":true,"href":"https:\/\/www.deboracosmai.com\/en\/wp-json\/wp\/v2\/categories?post=6213"},{"taxonomy":"post_tag","embeddable":true,"href":"https:\/\/www.deboracosmai.com\/en\/wp-json\/wp\/v2\/tags?post=6213"}],"curies":[{"name":"wp","href":"https:\/\/api.w.org\/{rel}","templated":true}]}}